{"id":20344,"date":"2022-11-15T11:03:00","date_gmt":"2022-11-15T11:03:00","guid":{"rendered":"https:\/\/iom.mc\/seminaire-de-motivation-clarins-nigeria\/"},"modified":"2022-11-15T11:03:00","modified_gmt":"2022-11-15T11:03:00","slug":"seminaire-de-motivation-clarins-nigeria","status":"publish","type":"post","link":"https:\/\/iom.mc\/en\/seminaire-de-motivation-clarins-nigeria\/","title":{"rendered":"S\u00e9minaire de Motivation Clarins &#8211; Nig\u00e9ria"},"content":{"rendered":"<p>Notre formatrice internationale s\u2019est rendue au Nig\u00e9ria pour un \u00e9v\u00e9nement sp\u00e9cial Clarins. Un s\u00e9minaire de motivation afin de donner \u00e0 nos beauty advisors locaux un rapide rappel de formation autour des produits, quelques conseils et surtout : partager un moment inoubliable autour d\u2019activit\u00e9s originales.<\/p>\n<p>Au programme\u00a0:<\/p>\n<p>\ud83e\uddd8\ud83c\udffc\u200d\u2640\ufe0f Session de Yoga.<\/p>\n<p>\ud83c\udf80 Intervention Live d\u2019un membre de la Team Clarins Suisse.<\/p>\n<p>\ud83c\udf1f Atelier autour des 5 sens avec un focus sur la &#8220;mixologie Clarins&#8221;.<\/p>\n<p>\ud83c\udf89 La f\u00eate continue avec un DJ local en soir\u00e9e !<\/p>\n<p>Merci \u00e0 @powedeawujo de nous avoir rejoint pour cet \u00e9v\u00e9nement et \u00e0 tout(e)s les beauty advisors pour leurs pr\u00e9sences. Nous esp\u00e9rons tous vous revoir tr\u00e8s vite.<\/p>\n","protected":false},"excerpt":{"rendered":"<p>Notre formatrice internationale s\u2019est rendue au Nig\u00e9ria pour un \u00e9v\u00e9nement sp\u00e9cial Clarins. Un s\u00e9minaire de motivation afin de donner \u00e0 nos beauty advisors locaux un rapide rappel de formation autour des produits, quelques conseils et surtout : partager un moment inoubliable autour d\u2019activit\u00e9s originales. Au programme\u00a0: \ud83e\uddd8\ud83c\udffc\u200d\u2640\ufe0f Session de Yoga. \ud83c\udf80 Intervention Live d\u2019un membre [&hellip;]<\/p>\n","protected":false},"author":48,"featured_media":20304,"comment_status":"closed","ping_status":"","sticky":false,"template":"","format":"standard","meta":[],"categories":[10],"tags":[],"actualites":[],"reseaux_sociaux":[],"post_marques":[],"post_marque_p":[],"actu_iom":[244],"yoast_head":"<!-- This site is optimized with the Yoast SEO plugin v19.3 - https:\/\/yoast.com\/wordpress\/plugins\/seo\/ -->\n<title>S\u00e9minaire de Motivation Clarins - Nig\u00e9ria - IOM::INTER-OUTRE-MER<\/title>\n<meta name=\"robots\" content=\"index, follow, max-snippet:-1, max-image-preview:large, max-video-preview:-1\" \/>\n<link rel=\"canonical\" href=\"https:\/\/iom.mc\/en\/seminaire-de-motivation-clarins-nigeria\/\" \/>\n<meta property=\"og:locale\" content=\"en_US\" \/>\n<meta property=\"og:type\" content=\"article\" \/>\n<meta property=\"og:title\" content=\"S\u00e9minaire de Motivation Clarins - Nig\u00e9ria - IOM::INTER-OUTRE-MER\" \/>\n<meta property=\"og:description\" content=\"Notre formatrice internationale s\u2019est rendue au Nig\u00e9ria pour un \u00e9v\u00e9nement sp\u00e9cial Clarins. Un s\u00e9minaire de motivation afin de donner \u00e0 nos beauty advisors locaux un rapide rappel de formation autour des produits, quelques conseils et surtout : partager un moment inoubliable autour d\u2019activit\u00e9s originales. Au programme\u00a0: \ud83e\uddd8\ud83c\udffc\u200d\u2640\ufe0f Session de Yoga. \ud83c\udf80 Intervention Live d\u2019un membre [&hellip;]\" \/>\n<meta property=\"og:url\" content=\"https:\/\/iom.mc\/seminaire-de-motivation-clarins-nigeria\/\" \/>\n<meta property=\"og:site_name\" content=\"IOM::INTER-OUTRE-MER\" \/>\n<meta property=\"article:publisher\" content=\"https:\/\/www.facebook.com\/IOM.MONACO\" \/>\n<meta property=\"article:published_time\" content=\"2022-11-15T11:03:00+00:00\" \/>\n<meta property=\"og:image\" content=\"https:\/\/iom.mc\/wp-content\/uploads\/sites\/5\/2021\/08\/africa_logo_c.jpg\" \/>\n\t<meta property=\"og:image:width\" content=\"500\" \/>\n\t<meta property=\"og:image:height\" content=\"375\" \/>\n\t<meta property=\"og:image:type\" content=\"image\/jpeg\" \/>\n<meta name=\"author\" content=\"Oceane GIRARD\" \/>\n<meta name=\"twitter:card\" content=\"summary_large_image\" \/>\n<script type=\"application\/ld+json\" class=\"yoast-schema-graph\">{\"@context\":\"https:\/\/schema.org\",\"@graph\":[{\"@type\":\"Organization\",\"@id\":\"https:\/\/iom.mc\/#organization\",\"name\":\"IOM Inter-Outre-Mer\",\"url\":\"https:\/\/iom.mc\/\",\"sameAs\":[\"https:\/\/www.facebook.com\/IOM.MONACO\"],\"logo\":{\"@type\":\"ImageObject\",\"inLanguage\":\"en-US\",\"@id\":\"https:\/\/iom.mc\/#\/schema\/logo\/image\/\",\"url\":\"https:\/\/i0.wp.com\/iom.mc\/wp-content\/uploads\/sites\/5\/2021\/03\/black-logo.png?fit=107%2C30&ssl=1\",\"contentUrl\":\"https:\/\/i0.wp.com\/iom.mc\/wp-content\/uploads\/sites\/5\/2021\/03\/black-logo.png?fit=107%2C30&ssl=1\",\"width\":107,\"height\":30,\"caption\":\"IOM Inter-Outre-Mer\"},\"image\":{\"@id\":\"https:\/\/iom.mc\/#\/schema\/logo\/image\/\"}},{\"@type\":\"WebSite\",\"@id\":\"https:\/\/iom.mc\/#website\",\"url\":\"https:\/\/iom.mc\/\",\"name\":\"IOM::INTER-OUTRE-MER\",\"description\":\"L\u2019 Afrique pour passion, le Parfum comme profession\",\"publisher\":{\"@id\":\"https:\/\/iom.mc\/#organization\"},\"potentialAction\":[{\"@type\":\"SearchAction\",\"target\":{\"@type\":\"EntryPoint\",\"urlTemplate\":\"https:\/\/iom.mc\/?s={search_term_string}\"},\"query-input\":\"required name=search_term_string\"}],\"inLanguage\":\"en-US\"},{\"@type\":\"ImageObject\",\"inLanguage\":\"en-US\",\"@id\":\"https:\/\/iom.mc\/seminaire-de-motivation-clarins-nigeria\/#primaryimage\",\"url\":\"https:\/\/iom.mc\/wp-content\/uploads\/sites\/5\/2023\/01\/000005-1.jpg\",\"contentUrl\":\"https:\/\/iom.mc\/wp-content\/uploads\/sites\/5\/2023\/01\/000005-1.jpg\",\"width\":2500,\"height\":1667},{\"@type\":\"WebPage\",\"@id\":\"https:\/\/iom.mc\/seminaire-de-motivation-clarins-nigeria\/\",\"url\":\"https:\/\/iom.mc\/seminaire-de-motivation-clarins-nigeria\/\",\"name\":\"S\u00e9minaire de Motivation Clarins - Nig\u00e9ria - IOM::INTER-OUTRE-MER\",\"isPartOf\":{\"@id\":\"https:\/\/iom.mc\/#website\"},\"primaryImageOfPage\":{\"@id\":\"https:\/\/iom.mc\/seminaire-de-motivation-clarins-nigeria\/#primaryimage\"},\"datePublished\":\"2022-11-15T11:03:00+00:00\",\"dateModified\":\"2022-11-15T11:03:00+00:00\",\"breadcrumb\":{\"@id\":\"https:\/\/iom.mc\/seminaire-de-motivation-clarins-nigeria\/#breadcrumb\"},\"inLanguage\":\"en-US\",\"potentialAction\":[{\"@type\":\"ReadAction\",\"target\":[\"https:\/\/iom.mc\/seminaire-de-motivation-clarins-nigeria\/\"]}]},{\"@type\":\"BreadcrumbList\",\"@id\":\"https:\/\/iom.mc\/seminaire-de-motivation-clarins-nigeria\/#breadcrumb\",\"itemListElement\":[{\"@type\":\"ListItem\",\"position\":1,\"name\":\"Home\",\"item\":\"https:\/\/iom.mc\/en\/\"},{\"@type\":\"ListItem\",\"position\":2,\"name\":\"S\u00e9minaire de Motivation Clarins &#8211; Nig\u00e9ria\"}]},{\"@type\":\"Article\",\"@id\":\"https:\/\/iom.mc\/seminaire-de-motivation-clarins-nigeria\/#article\",\"isPartOf\":{\"@id\":\"https:\/\/iom.mc\/seminaire-de-motivation-clarins-nigeria\/\"},\"author\":{\"name\":\"Oceane GIRARD\",\"@id\":\"https:\/\/iom.mc\/#\/schema\/person\/3de92286fff8dfa1b00ef3ca4f63be35\"},\"headline\":\"S\u00e9minaire de Motivation Clarins &#8211; Nig\u00e9ria\",\"datePublished\":\"2022-11-15T11:03:00+00:00\",\"dateModified\":\"2022-11-15T11:03:00+00:00\",\"mainEntityOfPage\":{\"@id\":\"https:\/\/iom.mc\/seminaire-de-motivation-clarins-nigeria\/\"},\"wordCount\":124,\"publisher\":{\"@id\":\"https:\/\/iom.mc\/#organization\"},\"image\":{\"@id\":\"https:\/\/iom.mc\/seminaire-de-motivation-clarins-nigeria\/#primaryimage\"},\"thumbnailUrl\":\"https:\/\/iom.mc\/wp-content\/uploads\/sites\/5\/2023\/01\/000005-1.jpg\",\"inLanguage\":\"en-US\"},{\"@type\":\"Person\",\"@id\":\"https:\/\/iom.mc\/#\/schema\/person\/3de92286fff8dfa1b00ef3ca4f63be35\",\"name\":\"Oceane GIRARD\",\"image\":{\"@type\":\"ImageObject\",\"inLanguage\":\"en-US\",\"@id\":\"https:\/\/iom.mc\/#\/schema\/person\/image\/\",\"url\":\"https:\/\/secure.gravatar.com\/avatar\/53a5b4531f1d8486edbd7c103c383e0e?s=96&d=wp_user_avatar&r=g\",\"contentUrl\":\"https:\/\/secure.gravatar.com\/avatar\/53a5b4531f1d8486edbd7c103c383e0e?s=96&d=wp_user_avatar&r=g\",\"caption\":\"Oceane GIRARD\"}}]}<\/script>\n<!-- \/ Yoast SEO plugin. -->","yoast_head_json":{"title":"S\u00e9minaire de Motivation Clarins - Nig\u00e9ria - IOM::INTER-OUTRE-MER","robots":{"index":"index","follow":"follow","max-snippet":"max-snippet:-1","max-image-preview":"max-image-preview:large","max-video-preview":"max-video-preview:-1"},"canonical":"https:\/\/iom.mc\/en\/seminaire-de-motivation-clarins-nigeria\/","og_locale":"en_US","og_type":"article","og_title":"S\u00e9minaire de Motivation Clarins - Nig\u00e9ria - IOM::INTER-OUTRE-MER","og_description":"Notre formatrice internationale s\u2019est rendue au Nig\u00e9ria pour un \u00e9v\u00e9nement sp\u00e9cial Clarins. Un s\u00e9minaire de motivation afin de donner \u00e0 nos beauty advisors locaux un rapide rappel de formation autour des produits, quelques conseils et surtout : partager un moment inoubliable autour d\u2019activit\u00e9s originales. Au programme\u00a0: \ud83e\uddd8\ud83c\udffc\u200d\u2640\ufe0f Session de Yoga. \ud83c\udf80 Intervention Live d\u2019un membre [&hellip;]","og_url":"https:\/\/iom.mc\/seminaire-de-motivation-clarins-nigeria\/","og_site_name":"IOM::INTER-OUTRE-MER","article_publisher":"https:\/\/www.facebook.com\/IOM.MONACO","article_published_time":"2022-11-15T11:03:00+00:00","og_image":[{"width":500,"height":375,"url":"https:\/\/iom.mc\/wp-content\/uploads\/sites\/5\/2021\/08\/africa_logo_c.jpg","type":"image\/jpeg"}],"author":"Oceane GIRARD","twitter_card":"summary_large_image","schema":{"@context":"https:\/\/schema.org","@graph":[{"@type":"Organization","@id":"https:\/\/iom.mc\/#organization","name":"IOM Inter-Outre-Mer","url":"https:\/\/iom.mc\/","sameAs":["https:\/\/www.facebook.com\/IOM.MONACO"],"logo":{"@type":"ImageObject","inLanguage":"en-US","@id":"https:\/\/iom.mc\/#\/schema\/logo\/image\/","url":"https:\/\/i0.wp.com\/iom.mc\/wp-content\/uploads\/sites\/5\/2021\/03\/black-logo.png?fit=107%2C30&ssl=1","contentUrl":"https:\/\/i0.wp.com\/iom.mc\/wp-content\/uploads\/sites\/5\/2021\/03\/black-logo.png?fit=107%2C30&ssl=1","width":107,"height":30,"caption":"IOM Inter-Outre-Mer"},"image":{"@id":"https:\/\/iom.mc\/#\/schema\/logo\/image\/"}},{"@type":"WebSite","@id":"https:\/\/iom.mc\/#website","url":"https:\/\/iom.mc\/","name":"IOM::INTER-OUTRE-MER","description":"L\u2019 Afrique pour passion, le Parfum comme profession","publisher":{"@id":"https:\/\/iom.mc\/#organization"},"potentialAction":[{"@type":"SearchAction","target":{"@type":"EntryPoint","urlTemplate":"https:\/\/iom.mc\/?s={search_term_string}"},"query-input":"required name=search_term_string"}],"inLanguage":"en-US"},{"@type":"ImageObject","inLanguage":"en-US","@id":"https:\/\/iom.mc\/seminaire-de-motivation-clarins-nigeria\/#primaryimage","url":"https:\/\/iom.mc\/wp-content\/uploads\/sites\/5\/2023\/01\/000005-1.jpg","contentUrl":"https:\/\/iom.mc\/wp-content\/uploads\/sites\/5\/2023\/01\/000005-1.jpg","width":2500,"height":1667},{"@type":"WebPage","@id":"https:\/\/iom.mc\/seminaire-de-motivation-clarins-nigeria\/","url":"https:\/\/iom.mc\/seminaire-de-motivation-clarins-nigeria\/","name":"S\u00e9minaire de Motivation Clarins - Nig\u00e9ria - IOM::INTER-OUTRE-MER","isPartOf":{"@id":"https:\/\/iom.mc\/#website"},"primaryImageOfPage":{"@id":"https:\/\/iom.mc\/seminaire-de-motivation-clarins-nigeria\/#primaryimage"},"datePublished":"2022-11-15T11:03:00+00:00","dateModified":"2022-11-15T11:03:00+00:00","breadcrumb":{"@id":"https:\/\/iom.mc\/seminaire-de-motivation-clarins-nigeria\/#breadcrumb"},"inLanguage":"en-US","potentialAction":[{"@type":"ReadAction","target":["https:\/\/iom.mc\/seminaire-de-motivation-clarins-nigeria\/"]}]},{"@type":"BreadcrumbList","@id":"https:\/\/iom.mc\/seminaire-de-motivation-clarins-nigeria\/#breadcrumb","itemListElement":[{"@type":"ListItem","position":1,"name":"Home","item":"https:\/\/iom.mc\/en\/"},{"@type":"ListItem","position":2,"name":"S\u00e9minaire de Motivation Clarins &#8211; Nig\u00e9ria"}]},{"@type":"Article","@id":"https:\/\/iom.mc\/seminaire-de-motivation-clarins-nigeria\/#article","isPartOf":{"@id":"https:\/\/iom.mc\/seminaire-de-motivation-clarins-nigeria\/"},"author":{"name":"Oceane GIRARD","@id":"https:\/\/iom.mc\/#\/schema\/person\/3de92286fff8dfa1b00ef3ca4f63be35"},"headline":"S\u00e9minaire de Motivation Clarins &#8211; Nig\u00e9ria","datePublished":"2022-11-15T11:03:00+00:00","dateModified":"2022-11-15T11:03:00+00:00","mainEntityOfPage":{"@id":"https:\/\/iom.mc\/seminaire-de-motivation-clarins-nigeria\/"},"wordCount":124,"publisher":{"@id":"https:\/\/iom.mc\/#organization"},"image":{"@id":"https:\/\/iom.mc\/seminaire-de-motivation-clarins-nigeria\/#primaryimage"},"thumbnailUrl":"https:\/\/iom.mc\/wp-content\/uploads\/sites\/5\/2023\/01\/000005-1.jpg","inLanguage":"en-US"},{"@type":"Person","@id":"https:\/\/iom.mc\/#\/schema\/person\/3de92286fff8dfa1b00ef3ca4f63be35","name":"Oceane GIRARD","image":{"@type":"ImageObject","inLanguage":"en-US","@id":"https:\/\/iom.mc\/#\/schema\/person\/image\/","url":"https:\/\/secure.gravatar.com\/avatar\/53a5b4531f1d8486edbd7c103c383e0e?s=96&d=wp_user_avatar&r=g","contentUrl":"https:\/\/secure.gravatar.com\/avatar\/53a5b4531f1d8486edbd7c103c383e0e?s=96&d=wp_user_avatar&r=g","caption":"Oceane GIRARD"}}]}},"_links":{"self":[{"href":"https:\/\/iom.mc\/en\/wp-json\/wp\/v2\/posts\/20344"}],"collection":[{"href":"https:\/\/iom.mc\/en\/wp-json\/wp\/v2\/posts"}],"about":[{"href":"https:\/\/iom.mc\/en\/wp-json\/wp\/v2\/types\/post"}],"author":[{"embeddable":true,"href":"https:\/\/iom.mc\/en\/wp-json\/wp\/v2\/users\/48"}],"replies":[{"embeddable":true,"href":"https:\/\/iom.mc\/en\/wp-json\/wp\/v2\/comments?post=20344"}],"version-history":[{"count":0,"href":"https:\/\/iom.mc\/en\/wp-json\/wp\/v2\/posts\/20344\/revisions"}],"wp:featuredmedia":[{"embeddable":true,"href":"https:\/\/iom.mc\/en\/wp-json\/wp\/v2\/media\/20304"}],"wp:attachment":[{"href":"https:\/\/iom.mc\/en\/wp-json\/wp\/v2\/media?parent=20344"}],"wp:term":[{"taxonomy":"category","embeddable":true,"href":"https:\/\/iom.mc\/en\/wp-json\/wp\/v2\/categories?post=20344"},{"taxonomy":"post_tag","embeddable":true,"href":"https:\/\/iom.mc\/en\/wp-json\/wp\/v2\/tags?post=20344"},{"taxonomy":"actualites","embeddable":true,"href":"https:\/\/iom.mc\/en\/wp-json\/wp\/v2\/actualites?post=20344"},{"taxonomy":"reseaux_sociaux","embeddable":true,"href":"https:\/\/iom.mc\/en\/wp-json\/wp\/v2\/reseaux_sociaux?post=20344"},{"taxonomy":"post_marques","embeddable":true,"href":"https:\/\/iom.mc\/en\/wp-json\/wp\/v2\/post_marques?post=20344"},{"taxonomy":"post_marque_p","embeddable":true,"href":"https:\/\/iom.mc\/en\/wp-json\/wp\/v2\/post_marque_p?post=20344"},{"taxonomy":"actu_iom","embeddable":true,"href":"https:\/\/iom.mc\/en\/wp-json\/wp\/v2\/actu_iom?post=20344"}],"curies":[{"name":"wp","href":"https:\/\/api.w.org\/{rel}","templated":true}]}}