{"id":19683,"date":"2022-04-01T09:44:34","date_gmt":"2022-04-01T09:44:34","guid":{"rendered":"https:\/\/iom.mc\/nutri-lumiere-revivecreme-anti-age-et-embellissante\/"},"modified":"2022-04-01T09:44:34","modified_gmt":"2022-04-01T09:44:34","slug":"nutri-lumiere-revivecreme-anti-age-et-embellissante","status":"publish","type":"post","link":"https:\/\/iom.mc\/en\/nutri-lumiere-revivecreme-anti-age-et-embellissante\/","title":{"rendered":"NUTRI-LUMIERE REVIVE<br>Cr\u00e8me anti-\u00e2ge et embellissante"},"content":{"rendered":"<p>Nutri -Lumi\u00e8re Revive est un soin anti-\u00e2ge multi-fonctions revitalisant avec une action embellissante imm\u00e9diate pour la peau. Il est id\u00e9al pour retrouver l\u2019\u00e9clat et raffermir, repulper les peaux matures d\u00e9nutries. Une action anti-\u00e2ge compl\u00e8te qui se focalise sur la restauration de l&#8217;\u00e9clat ! Il permet de lutter efficacement contre le jaunissement du teint gr\u00e2ce \u00e0 l\u2019extrait de kaki d\u2019une part et gr\u00e2ce \u00e0 sa texture l\u00e9g\u00e8rement violette d&#8217;autre part, qui agit optiquement contre le jaune. La cr\u00e8me anti-\u00e2ge id\u00e9ale pour les peaux matures de 60 ans et plus.<\/p>\n<ul class=\"what-is-it-accordion__list\">\n<li class=\"mt-5\"><span class=\"what-is-it-accordion__text-medium\">Type de peau :\u00a0<\/span>Peau mixte, Peau s\u00e8che, Peau normale, Peau grasse<\/li>\n<li class=\"mt-5\"><span class=\"what-is-it-accordion__text-medium\">Texture :\u00a0<\/span>Cr\u00e8me<\/li>\n<li class=\"mt-5\"><span class=\"what-is-it-accordion__text-medium\">Utilisation :\u00a0<\/span>Tous les jours, matin et\/ou soir.<\/li>\n<\/ul>\n<div class=\"discover-more-benefit-section__title\">Un produit pas comme les autres<\/div>\n<div class=\"discover-more-benefit-section__text\">\n<ul>\n<li>Peau revitalis\u00e9e, raffermie et rides liss\u00e9es.<\/li>\n<li>Action anti-jaunissement du teint gr\u00e2ce \u00e0 l&#8217;extrait de kaki.<\/li>\n<li>Action embellissante imm\u00e9diate : nacres violettes illuminatrices + texture violette du soin.<\/li>\n<\/ul>\n<\/div>\n","protected":false},"excerpt":{"rendered":"<p>Nutri -Lumi\u00e8re Revive est un soin anti-\u00e2ge multi-fonctions revitalisant avec une action embellissante imm\u00e9diate pour la peau. Il est id\u00e9al pour retrouver l\u2019\u00e9clat et raffermir, repulper les peaux matures d\u00e9nutries. Une action anti-\u00e2ge compl\u00e8te qui se focalise sur la restauration de l&#8217;\u00e9clat ! Il permet de lutter efficacement contre le jaunissement du teint gr\u00e2ce \u00e0 [&hellip;]<\/p>\n","protected":false},"author":48,"featured_media":21219,"comment_status":"closed","ping_status":"closed","sticky":false,"template":"","format":"standard","meta":[],"categories":[10],"tags":[],"actualites":[187],"reseaux_sociaux":[],"post_marques":[210],"post_marque_p":[],"actu_iom":[],"yoast_head":"<!-- This site is optimized with the Yoast SEO plugin v19.3 - https:\/\/yoast.com\/wordpress\/plugins\/seo\/ -->\n<title>NUTRI-LUMIERE REVIVECr\u00e8me anti-\u00e2ge et embellissante - IOM::INTER-OUTRE-MER<\/title>\n<meta name=\"robots\" content=\"index, follow, max-snippet:-1, max-image-preview:large, max-video-preview:-1\" \/>\n<link rel=\"canonical\" href=\"https:\/\/iom.mc\/en\/nutri-lumiere-revivecreme-anti-age-et-embellissante\/\" \/>\n<meta property=\"og:locale\" content=\"en_US\" \/>\n<meta property=\"og:type\" content=\"article\" \/>\n<meta property=\"og:title\" content=\"NUTRI-LUMIERE REVIVECr\u00e8me anti-\u00e2ge et embellissante - IOM::INTER-OUTRE-MER\" \/>\n<meta property=\"og:description\" content=\"Nutri -Lumi\u00e8re Revive est un soin anti-\u00e2ge multi-fonctions revitalisant avec une action embellissante imm\u00e9diate pour la peau. Il est id\u00e9al pour retrouver l\u2019\u00e9clat et raffermir, repulper les peaux matures d\u00e9nutries. Une action anti-\u00e2ge compl\u00e8te qui se focalise sur la restauration de l&#8217;\u00e9clat ! Il permet de lutter efficacement contre le jaunissement du teint gr\u00e2ce \u00e0 [&hellip;]\" \/>\n<meta property=\"og:url\" content=\"https:\/\/iom.mc\/nutri-lumiere-revivecreme-anti-age-et-embellissante\/\" \/>\n<meta property=\"og:site_name\" content=\"IOM::INTER-OUTRE-MER\" \/>\n<meta property=\"article:publisher\" content=\"https:\/\/www.facebook.com\/IOM.MONACO\" \/>\n<meta property=\"article:published_time\" content=\"2022-04-01T09:44:34+00:00\" \/>\n<meta property=\"og:image\" content=\"https:\/\/iom.mc\/wp-content\/uploads\/sites\/5\/2021\/08\/africa_logo_c.jpg\" \/>\n\t<meta property=\"og:image:width\" content=\"500\" \/>\n\t<meta property=\"og:image:height\" content=\"375\" \/>\n\t<meta property=\"og:image:type\" content=\"image\/jpeg\" \/>\n<meta name=\"author\" content=\"Oceane GIRARD\" \/>\n<meta name=\"twitter:card\" content=\"summary_large_image\" \/>\n<script type=\"application\/ld+json\" class=\"yoast-schema-graph\">{\"@context\":\"https:\/\/schema.org\",\"@graph\":[{\"@type\":\"Organization\",\"@id\":\"https:\/\/iom.mc\/#organization\",\"name\":\"IOM Inter-Outre-Mer\",\"url\":\"https:\/\/iom.mc\/\",\"sameAs\":[\"https:\/\/www.facebook.com\/IOM.MONACO\"],\"logo\":{\"@type\":\"ImageObject\",\"inLanguage\":\"en-US\",\"@id\":\"https:\/\/iom.mc\/#\/schema\/logo\/image\/\",\"url\":\"https:\/\/i0.wp.com\/iom.mc\/wp-content\/uploads\/sites\/5\/2021\/03\/black-logo.png?fit=107%2C30&ssl=1\",\"contentUrl\":\"https:\/\/i0.wp.com\/iom.mc\/wp-content\/uploads\/sites\/5\/2021\/03\/black-logo.png?fit=107%2C30&ssl=1\",\"width\":107,\"height\":30,\"caption\":\"IOM Inter-Outre-Mer\"},\"image\":{\"@id\":\"https:\/\/iom.mc\/#\/schema\/logo\/image\/\"}},{\"@type\":\"WebSite\",\"@id\":\"https:\/\/iom.mc\/#website\",\"url\":\"https:\/\/iom.mc\/\",\"name\":\"IOM::INTER-OUTRE-MER\",\"description\":\"L\u2019 Afrique pour passion, le Parfum comme profession\",\"publisher\":{\"@id\":\"https:\/\/iom.mc\/#organization\"},\"potentialAction\":[{\"@type\":\"SearchAction\",\"target\":{\"@type\":\"EntryPoint\",\"urlTemplate\":\"https:\/\/iom.mc\/?s={search_term_string}\"},\"query-input\":\"required name=search_term_string\"}],\"inLanguage\":\"en-US\"},{\"@type\":\"ImageObject\",\"inLanguage\":\"en-US\",\"@id\":\"https:\/\/iom.mc\/nutri-lumiere-revivecreme-anti-age-et-embellissante\/#primaryimage\",\"url\":\"https:\/\/iom.mc\/wp-content\/uploads\/sites\/5\/2025\/11\/3666057295829_01.jpg\",\"contentUrl\":\"https:\/\/iom.mc\/wp-content\/uploads\/sites\/5\/2025\/11\/3666057295829_01.jpg\",\"width\":2400,\"height\":2400},{\"@type\":\"WebPage\",\"@id\":\"https:\/\/iom.mc\/nutri-lumiere-revivecreme-anti-age-et-embellissante\/\",\"url\":\"https:\/\/iom.mc\/nutri-lumiere-revivecreme-anti-age-et-embellissante\/\",\"name\":\"NUTRI-LUMIERE REVIVE Cr\u00e8me anti-\u00e2ge et embellissante - IOM::INTER-OUTRE-MER\",\"isPartOf\":{\"@id\":\"https:\/\/iom.mc\/#website\"},\"primaryImageOfPage\":{\"@id\":\"https:\/\/iom.mc\/nutri-lumiere-revivecreme-anti-age-et-embellissante\/#primaryimage\"},\"datePublished\":\"2022-04-01T09:44:34+00:00\",\"dateModified\":\"2022-04-01T09:44:34+00:00\",\"breadcrumb\":{\"@id\":\"https:\/\/iom.mc\/nutri-lumiere-revivecreme-anti-age-et-embellissante\/#breadcrumb\"},\"inLanguage\":\"en-US\",\"potentialAction\":[{\"@type\":\"ReadAction\",\"target\":[\"https:\/\/iom.mc\/nutri-lumiere-revivecreme-anti-age-et-embellissante\/\"]}]},{\"@type\":\"BreadcrumbList\",\"@id\":\"https:\/\/iom.mc\/nutri-lumiere-revivecreme-anti-age-et-embellissante\/#breadcrumb\",\"itemListElement\":[{\"@type\":\"ListItem\",\"position\":1,\"name\":\"Home\",\"item\":\"https:\/\/iom.mc\/en\/\"},{\"@type\":\"ListItem\",\"position\":2,\"name\":\"NUTRI-LUMIERE REVIVECr\u00e8me anti-\u00e2ge et embellissante\"}]},{\"@type\":\"Article\",\"@id\":\"https:\/\/iom.mc\/nutri-lumiere-revivecreme-anti-age-et-embellissante\/#article\",\"isPartOf\":{\"@id\":\"https:\/\/iom.mc\/nutri-lumiere-revivecreme-anti-age-et-embellissante\/\"},\"author\":{\"name\":\"Oceane GIRARD\",\"@id\":\"https:\/\/iom.mc\/#\/schema\/person\/3de92286fff8dfa1b00ef3ca4f63be35\"},\"headline\":\"NUTRI-LUMIERE REVIVE Cr\u00e8me anti-\u00e2ge et embellissante\",\"datePublished\":\"2022-04-01T09:44:34+00:00\",\"dateModified\":\"2022-04-01T09:44:34+00:00\",\"mainEntityOfPage\":{\"@id\":\"https:\/\/iom.mc\/nutri-lumiere-revivecreme-anti-age-et-embellissante\/\"},\"wordCount\":166,\"publisher\":{\"@id\":\"https:\/\/iom.mc\/#organization\"},\"image\":{\"@id\":\"https:\/\/iom.mc\/nutri-lumiere-revivecreme-anti-age-et-embellissante\/#primaryimage\"},\"thumbnailUrl\":\"https:\/\/iom.mc\/wp-content\/uploads\/sites\/5\/2025\/11\/3666057295829_01.jpg\",\"inLanguage\":\"en-US\"},{\"@type\":\"Person\",\"@id\":\"https:\/\/iom.mc\/#\/schema\/person\/3de92286fff8dfa1b00ef3ca4f63be35\",\"name\":\"Oceane GIRARD\",\"image\":{\"@type\":\"ImageObject\",\"inLanguage\":\"en-US\",\"@id\":\"https:\/\/iom.mc\/#\/schema\/person\/image\/\",\"url\":\"https:\/\/secure.gravatar.com\/avatar\/53a5b4531f1d8486edbd7c103c383e0e?s=96&d=wp_user_avatar&r=g\",\"contentUrl\":\"https:\/\/secure.gravatar.com\/avatar\/53a5b4531f1d8486edbd7c103c383e0e?s=96&d=wp_user_avatar&r=g\",\"caption\":\"Oceane GIRARD\"}}]}<\/script>\n<!-- \/ Yoast SEO plugin. -->","yoast_head_json":{"title":"NUTRI-LUMIERE REVIVECr\u00e8me anti-\u00e2ge et embellissante - IOM::INTER-OUTRE-MER","robots":{"index":"index","follow":"follow","max-snippet":"max-snippet:-1","max-image-preview":"max-image-preview:large","max-video-preview":"max-video-preview:-1"},"canonical":"https:\/\/iom.mc\/en\/nutri-lumiere-revivecreme-anti-age-et-embellissante\/","og_locale":"en_US","og_type":"article","og_title":"NUTRI-LUMIERE REVIVECr\u00e8me anti-\u00e2ge et embellissante - IOM::INTER-OUTRE-MER","og_description":"Nutri -Lumi\u00e8re Revive est un soin anti-\u00e2ge multi-fonctions revitalisant avec une action embellissante imm\u00e9diate pour la peau. Il est id\u00e9al pour retrouver l\u2019\u00e9clat et raffermir, repulper les peaux matures d\u00e9nutries. Une action anti-\u00e2ge compl\u00e8te qui se focalise sur la restauration de l&#8217;\u00e9clat ! Il permet de lutter efficacement contre le jaunissement du teint gr\u00e2ce \u00e0 [&hellip;]","og_url":"https:\/\/iom.mc\/nutri-lumiere-revivecreme-anti-age-et-embellissante\/","og_site_name":"IOM::INTER-OUTRE-MER","article_publisher":"https:\/\/www.facebook.com\/IOM.MONACO","article_published_time":"2022-04-01T09:44:34+00:00","og_image":[{"width":500,"height":375,"url":"https:\/\/iom.mc\/wp-content\/uploads\/sites\/5\/2021\/08\/africa_logo_c.jpg","type":"image\/jpeg"}],"author":"Oceane GIRARD","twitter_card":"summary_large_image","schema":{"@context":"https:\/\/schema.org","@graph":[{"@type":"Organization","@id":"https:\/\/iom.mc\/#organization","name":"IOM Inter-Outre-Mer","url":"https:\/\/iom.mc\/","sameAs":["https:\/\/www.facebook.com\/IOM.MONACO"],"logo":{"@type":"ImageObject","inLanguage":"en-US","@id":"https:\/\/iom.mc\/#\/schema\/logo\/image\/","url":"https:\/\/i0.wp.com\/iom.mc\/wp-content\/uploads\/sites\/5\/2021\/03\/black-logo.png?fit=107%2C30&ssl=1","contentUrl":"https:\/\/i0.wp.com\/iom.mc\/wp-content\/uploads\/sites\/5\/2021\/03\/black-logo.png?fit=107%2C30&ssl=1","width":107,"height":30,"caption":"IOM Inter-Outre-Mer"},"image":{"@id":"https:\/\/iom.mc\/#\/schema\/logo\/image\/"}},{"@type":"WebSite","@id":"https:\/\/iom.mc\/#website","url":"https:\/\/iom.mc\/","name":"IOM::INTER-OUTRE-MER","description":"L\u2019 Afrique pour passion, le Parfum comme profession","publisher":{"@id":"https:\/\/iom.mc\/#organization"},"potentialAction":[{"@type":"SearchAction","target":{"@type":"EntryPoint","urlTemplate":"https:\/\/iom.mc\/?s={search_term_string}"},"query-input":"required name=search_term_string"}],"inLanguage":"en-US"},{"@type":"ImageObject","inLanguage":"en-US","@id":"https:\/\/iom.mc\/nutri-lumiere-revivecreme-anti-age-et-embellissante\/#primaryimage","url":"https:\/\/iom.mc\/wp-content\/uploads\/sites\/5\/2025\/11\/3666057295829_01.jpg","contentUrl":"https:\/\/iom.mc\/wp-content\/uploads\/sites\/5\/2025\/11\/3666057295829_01.jpg","width":2400,"height":2400},{"@type":"WebPage","@id":"https:\/\/iom.mc\/nutri-lumiere-revivecreme-anti-age-et-embellissante\/","url":"https:\/\/iom.mc\/nutri-lumiere-revivecreme-anti-age-et-embellissante\/","name":"NUTRI-LUMIERE REVIVE Cr\u00e8me anti-\u00e2ge et embellissante - IOM::INTER-OUTRE-MER","isPartOf":{"@id":"https:\/\/iom.mc\/#website"},"primaryImageOfPage":{"@id":"https:\/\/iom.mc\/nutri-lumiere-revivecreme-anti-age-et-embellissante\/#primaryimage"},"datePublished":"2022-04-01T09:44:34+00:00","dateModified":"2022-04-01T09:44:34+00:00","breadcrumb":{"@id":"https:\/\/iom.mc\/nutri-lumiere-revivecreme-anti-age-et-embellissante\/#breadcrumb"},"inLanguage":"en-US","potentialAction":[{"@type":"ReadAction","target":["https:\/\/iom.mc\/nutri-lumiere-revivecreme-anti-age-et-embellissante\/"]}]},{"@type":"BreadcrumbList","@id":"https:\/\/iom.mc\/nutri-lumiere-revivecreme-anti-age-et-embellissante\/#breadcrumb","itemListElement":[{"@type":"ListItem","position":1,"name":"Home","item":"https:\/\/iom.mc\/en\/"},{"@type":"ListItem","position":2,"name":"NUTRI-LUMIERE REVIVECr\u00e8me anti-\u00e2ge et embellissante"}]},{"@type":"Article","@id":"https:\/\/iom.mc\/nutri-lumiere-revivecreme-anti-age-et-embellissante\/#article","isPartOf":{"@id":"https:\/\/iom.mc\/nutri-lumiere-revivecreme-anti-age-et-embellissante\/"},"author":{"name":"Oceane GIRARD","@id":"https:\/\/iom.mc\/#\/schema\/person\/3de92286fff8dfa1b00ef3ca4f63be35"},"headline":"NUTRI-LUMIERE REVIVE Cr\u00e8me anti-\u00e2ge et embellissante","datePublished":"2022-04-01T09:44:34+00:00","dateModified":"2022-04-01T09:44:34+00:00","mainEntityOfPage":{"@id":"https:\/\/iom.mc\/nutri-lumiere-revivecreme-anti-age-et-embellissante\/"},"wordCount":166,"publisher":{"@id":"https:\/\/iom.mc\/#organization"},"image":{"@id":"https:\/\/iom.mc\/nutri-lumiere-revivecreme-anti-age-et-embellissante\/#primaryimage"},"thumbnailUrl":"https:\/\/iom.mc\/wp-content\/uploads\/sites\/5\/2025\/11\/3666057295829_01.jpg","inLanguage":"en-US"},{"@type":"Person","@id":"https:\/\/iom.mc\/#\/schema\/person\/3de92286fff8dfa1b00ef3ca4f63be35","name":"Oceane GIRARD","image":{"@type":"ImageObject","inLanguage":"en-US","@id":"https:\/\/iom.mc\/#\/schema\/person\/image\/","url":"https:\/\/secure.gravatar.com\/avatar\/53a5b4531f1d8486edbd7c103c383e0e?s=96&d=wp_user_avatar&r=g","contentUrl":"https:\/\/secure.gravatar.com\/avatar\/53a5b4531f1d8486edbd7c103c383e0e?s=96&d=wp_user_avatar&r=g","caption":"Oceane GIRARD"}}]}},"_links":{"self":[{"href":"https:\/\/iom.mc\/en\/wp-json\/wp\/v2\/posts\/19683"}],"collection":[{"href":"https:\/\/iom.mc\/en\/wp-json\/wp\/v2\/posts"}],"about":[{"href":"https:\/\/iom.mc\/en\/wp-json\/wp\/v2\/types\/post"}],"author":[{"embeddable":true,"href":"https:\/\/iom.mc\/en\/wp-json\/wp\/v2\/users\/48"}],"replies":[{"embeddable":true,"href":"https:\/\/iom.mc\/en\/wp-json\/wp\/v2\/comments?post=19683"}],"version-history":[{"count":0,"href":"https:\/\/iom.mc\/en\/wp-json\/wp\/v2\/posts\/19683\/revisions"}],"wp:featuredmedia":[{"embeddable":true,"href":"https:\/\/iom.mc\/en\/wp-json\/wp\/v2\/media\/21219"}],"wp:attachment":[{"href":"https:\/\/iom.mc\/en\/wp-json\/wp\/v2\/media?parent=19683"}],"wp:term":[{"taxonomy":"category","embeddable":true,"href":"https:\/\/iom.mc\/en\/wp-json\/wp\/v2\/categories?post=19683"},{"taxonomy":"post_tag","embeddable":true,"href":"https:\/\/iom.mc\/en\/wp-json\/wp\/v2\/tags?post=19683"},{"taxonomy":"actualites","embeddable":true,"href":"https:\/\/iom.mc\/en\/wp-json\/wp\/v2\/actualites?post=19683"},{"taxonomy":"reseaux_sociaux","embeddable":true,"href":"https:\/\/iom.mc\/en\/wp-json\/wp\/v2\/reseaux_sociaux?post=19683"},{"taxonomy":"post_marques","embeddable":true,"href":"https:\/\/iom.mc\/en\/wp-json\/wp\/v2\/post_marques?post=19683"},{"taxonomy":"post_marque_p","embeddable":true,"href":"https:\/\/iom.mc\/en\/wp-json\/wp\/v2\/post_marque_p?post=19683"},{"taxonomy":"actu_iom","embeddable":true,"href":"https:\/\/iom.mc\/en\/wp-json\/wp\/v2\/actu_iom?post=19683"}],"curies":[{"name":"wp","href":"https:\/\/api.w.org\/{rel}","templated":true}]}}